{"id":15816,"date":"2023-04-28T16:06:42","date_gmt":"2023-04-28T14:06:42","guid":{"rendered":"https:\/\/dev.pyreg.de\/ard-and-swr-focus-on-pyreg-an-interview-with-jorg-zu-dohna-ceo\/"},"modified":"2023-04-28T17:20:08","modified_gmt":"2023-04-28T15:20:08","slug":"ard-and-swr-focus-on-pyreg-an-interview-with-jorg-zu-dohna-ceo","status":"publish","type":"post","link":"https:\/\/dev.pyreg.de\/de\/ard-and-swr-focus-on-pyreg-an-interview-with-jorg-zu-dohna-ceo\/","title":{"rendered":"ARD-Feature und Inter\u00adview mit J\u00f6rg zu Dohna (CEO) \u00fcber CO2-Entfer\u00adnung und gr\u00fcne Nahw\u00e4rme"},"content":{"rendered":"<div>Das ARD-Team nimmt sich viel Zeit f\u00fcr die Biochar-Produk\u00adtion an unserer Pilot\u00adan\u00adlage in D\u00f6rth. Der Klima\u00adschutz\u00adma\u00adnager des Land\u00adkreises zeigt sich faszi\u00adniert von einer Tech\u00adno\u00adlogie, die nicht nur Biomasse-Rest\u00adstoffe sinn\u00advoll in ein h\u00f6her\u00adwer\u00adtiges Produkt verwertet, sondern auch gr\u00fcne W\u00e4rme produ\u00adziert und dabei der Atmo\u00adsph\u00e4re auch noch dauer\u00adhaft CO<sub>2<\/sub> entzieht.<\/div>\n<div>\n<div>\u201eDer massen\u00adhafte Einsatz dieser faszi\u00adnie\u00adrenden Tech\u00adno\u00adlogie k\u00f6nnte helfen, das Klima zu retten\u201c. So lautet sein pers\u00f6n\u00adli\u00adches, abschlie\u00ad\u00dfendes Statement.<\/div>\n<\/div>\n<div><\/div>\n<div><\/div>\n<div><strong><a href=\"https:\/\/www.ardmediathek.de\/video\/natuerlich\/co2-schlucker-vernichten-klimagase-aus-der-luft\/swr\/Y3JpZDovL3N3ci5kZS9hZXgvbzE4NDI1NjA\">ARD Media\u00adthek<\/a> <\/strong><\/div>\n","protected":false},"excerpt":{"rendered":"<p>Das ARD-Team nimmt sich viel Zeit f\u00fcr die Biochar-Produk\u00ad\u00adtion an unserer Pilot\u00adan\u00adlage in D\u00f6rth. Der Klima\u00adschutz\u00adma\u00adnager des Land\u00adkreises zeigt sich faszi\u00adniert von einer Tech\u00adno\u00adlogie, die nicht nur Biomasse-Rest\u00ad\u00adstoffe sinn\u00advoll in ein h\u00f6her\u00adwer\u00adtiges Produkt verwertet, sondern auch gr\u00fcne W\u00e4rme produ\u00adziert und dabei der Atmo\u00adsph\u00e4re auch noch dauer\u00adhaft CO2 entzieht. \u201eDer massen\u00adhafte Einsatz dieser faszi\u00adnie\u00adrenden Tech\u00adno\u00adlogie k\u00f6nnte&nbsp;[\u2026]<\/p>\n","protected":false},"author":9,"featured_media":15764,"comment_status":"open","ping_status":"open","sticky":false,"template":"","format":"standard","meta":{"_et_pb_use_builder":"","_et_pb_old_content":"","_et_gb_content_width":"","inline_featured_image":false,"wp_typography_post_enhancements_disabled":false,"footnotes":""},"categories":[32],"tags":[],"yoast_head":"<!-- This site is optimized with the Yoast SEO plugin v21.5 - https:\/\/yoast.com\/wordpress\/plugins\/seo\/ -->\n<title>ARD-Feature und Interview mit J\u00f6rg zu Dohna (CEO) \u00fcber CO2-Entfernung und gr\u00fcne Nahw\u00e4rme - PYREG<\/title>\n<meta name=\"robots\" content=\"index, follow, max-snippet:-1, max-image-preview:large, max-video-preview:-1\" \/>\n<link rel=\"canonical\" href=\"https:\/\/dev.pyreg.de\/de\/ard-and-swr-focus-on-pyreg-an-interview-with-jorg-zu-dohna-ceo\/\" \/>\n<meta property=\"og:locale\" content=\"de_DE\" \/>\n<meta property=\"og:type\" content=\"article\" \/>\n<meta property=\"og:title\" content=\"ARD-Feature und Interview mit J\u00f6rg zu Dohna (CEO) \u00fcber CO2-Entfernung und gr\u00fcne Nahw\u00e4rme - PYREG\" \/>\n<meta property=\"og:description\" content=\"Das ARD-Team nimmt sich viel Zeit f\u00fcr die Biochar-Produk\u00adtion an unserer Pilot\u00adan\u00adlage in D\u00f6rth. Der Klima\u00adschutz\u00adma\u00adnager des Land\u00adkreises zeigt sich faszi\u00adniert von einer Tech\u00adno\u00adlogie, die nicht nur Biomasse-Rest\u00adstoffe sinn\u00advoll in ein h\u00f6her\u00adwer\u00adtiges Produkt verwertet, sondern auch gr\u00fcne W\u00e4rme produ\u00adziert und dabei der Atmo\u00adsph\u00e4re auch noch dauer\u00adhaft CO2 entzieht. \u201eDer massen\u00adhafte Einsatz dieser faszi\u00adnie\u00adrenden Tech\u00adno\u00adlogie k\u00f6nnte [&hellip;]\" \/>\n<meta property=\"og:url\" content=\"https:\/\/dev.pyreg.de\/de\/ard-and-swr-focus-on-pyreg-an-interview-with-jorg-zu-dohna-ceo\/\" \/>\n<meta property=\"og:site_name\" content=\"PYREG\" \/>\n<meta property=\"article:published_time\" content=\"2023-04-28T14:06:42+00:00\" \/>\n<meta property=\"article:modified_time\" content=\"2023-04-28T15:20:08+00:00\" \/>\n<meta property=\"og:image\" content=\"https:\/\/dev.pyreg.de\/wp-content\/uploads\/Screenshot-2023-04-28-130543-1024x611.png\" \/>\n\t<meta property=\"og:image:width\" content=\"1024\" \/>\n\t<meta property=\"og:image:height\" content=\"611\" \/>\n\t<meta property=\"og:image:type\" content=\"image\/png\" \/>\n<meta name=\"author\" content=\"Henriette zu Doha\" \/>\n<meta name=\"twitter:card\" content=\"summary_large_image\" \/>\n<meta name=\"twitter:label1\" content=\"Verfasst von\" \/>\n\t<meta name=\"twitter:data1\" content=\"Henriette zu Doha\" \/>\n\t<meta name=\"twitter:label2\" content=\"Gesch\u00e4tzte Lesezeit\" \/>\n\t<meta name=\"twitter:data2\" content=\"1\u00a0Minute\" \/>\n<script type=\"application\/ld+json\" class=\"yoast-schema-graph\">{\"@context\":\"https:\/\/schema.org\",\"@graph\":[{\"@type\":\"WebPage\",\"@id\":\"https:\/\/dev.pyreg.de\/de\/ard-and-swr-focus-on-pyreg-an-interview-with-jorg-zu-dohna-ceo\/\",\"url\":\"https:\/\/dev.pyreg.de\/de\/ard-and-swr-focus-on-pyreg-an-interview-with-jorg-zu-dohna-ceo\/\",\"name\":\"ARD-Feature und Interview mit J\u00f6rg zu Dohna (CEO) \u00fcber CO2-Entfernung und gr\u00fcne Nahw\u00e4rme - PYREG\",\"isPartOf\":{\"@id\":\"https:\/\/dev.pyreg.de\/#website\"},\"datePublished\":\"2023-04-28T14:06:42+00:00\",\"dateModified\":\"2023-04-28T15:20:08+00:00\",\"author\":{\"@id\":\"https:\/\/dev.pyreg.de\/#\/schema\/person\/75040bf5075124214ab64cba3cebbc2e\"},\"breadcrumb\":{\"@id\":\"https:\/\/dev.pyreg.de\/de\/ard-and-swr-focus-on-pyreg-an-interview-with-jorg-zu-dohna-ceo\/#breadcrumb\"},\"inLanguage\":\"de\",\"potentialAction\":[{\"@type\":\"ReadAction\",\"target\":[\"https:\/\/dev.pyreg.de\/de\/ard-and-swr-focus-on-pyreg-an-interview-with-jorg-zu-dohna-ceo\/\"]}]},{\"@type\":\"BreadcrumbList\",\"@id\":\"https:\/\/dev.pyreg.de\/de\/ard-and-swr-focus-on-pyreg-an-interview-with-jorg-zu-dohna-ceo\/#breadcrumb\",\"itemListElement\":[{\"@type\":\"ListItem\",\"position\":1,\"name\":\"Startseite\",\"item\":\"https:\/\/dev.pyreg.de\/de\/\"},{\"@type\":\"ListItem\",\"position\":2,\"name\":\"ARD-Feature und Interview mit J\u00f6rg zu Dohna (CEO) \u00fcber CO2-Entfernung und gr\u00fcne Nahw\u00e4rme\"}]},{\"@type\":\"WebSite\",\"@id\":\"https:\/\/dev.pyreg.de\/#website\",\"url\":\"https:\/\/dev.pyreg.de\/\",\"name\":\"PYREG\",\"description\":\"Carbon Technology Solutions\",\"potentialAction\":[{\"@type\":\"SearchAction\",\"target\":{\"@type\":\"EntryPoint\",\"urlTemplate\":\"https:\/\/dev.pyreg.de\/?s={search_term_string}\"},\"query-input\":\"required name=search_term_string\"}],\"inLanguage\":\"de\"},{\"@type\":\"Person\",\"@id\":\"https:\/\/dev.pyreg.de\/#\/schema\/person\/75040bf5075124214ab64cba3cebbc2e\",\"name\":\"Henriette zu Doha\",\"url\":\"https:\/\/dev.pyreg.de\/de\/author\/h-dohna\/\"}]}<\/script>\n<!-- \/ Yoast SEO plugin. -->","yoast_head_json":{"title":"ARD-Feature und Interview mit J\u00f6rg zu Dohna (CEO) \u00fcber CO2-Entfernung und gr\u00fcne Nahw\u00e4rme - PYREG","robots":{"index":"index","follow":"follow","max-snippet":"max-snippet:-1","max-image-preview":"max-image-preview:large","max-video-preview":"max-video-preview:-1"},"canonical":"https:\/\/dev.pyreg.de\/de\/ard-and-swr-focus-on-pyreg-an-interview-with-jorg-zu-dohna-ceo\/","og_locale":"de_DE","og_type":"article","og_title":"ARD-Feature und Interview mit J\u00f6rg zu Dohna (CEO) \u00fcber CO2-Entfernung und gr\u00fcne Nahw\u00e4rme - PYREG","og_description":"Das ARD-Team nimmt sich viel Zeit f\u00fcr die Biochar-Produk\u00adtion an unserer Pilot\u00adan\u00adlage in D\u00f6rth. Der Klima\u00adschutz\u00adma\u00adnager des Land\u00adkreises zeigt sich faszi\u00adniert von einer Tech\u00adno\u00adlogie, die nicht nur Biomasse-Rest\u00adstoffe sinn\u00advoll in ein h\u00f6her\u00adwer\u00adtiges Produkt verwertet, sondern auch gr\u00fcne W\u00e4rme produ\u00adziert und dabei der Atmo\u00adsph\u00e4re auch noch dauer\u00adhaft CO2 entzieht. \u201eDer massen\u00adhafte Einsatz dieser faszi\u00adnie\u00adrenden Tech\u00adno\u00adlogie k\u00f6nnte [&hellip;]","og_url":"https:\/\/dev.pyreg.de\/de\/ard-and-swr-focus-on-pyreg-an-interview-with-jorg-zu-dohna-ceo\/","og_site_name":"PYREG","article_published_time":"2023-04-28T14:06:42+00:00","article_modified_time":"2023-04-28T15:20:08+00:00","og_image":[{"width":1024,"height":611,"url":"https:\/\/dev.pyreg.de\/wp-content\/uploads\/Screenshot-2023-04-28-130543-1024x611.png","type":"image\/png"}],"author":"Henriette zu Doha","twitter_card":"summary_large_image","twitter_misc":{"Verfasst von":"Henriette zu Doha","Gesch\u00e4tzte Lesezeit":"1\u00a0Minute"},"schema":{"@context":"https:\/\/schema.org","@graph":[{"@type":"WebPage","@id":"https:\/\/dev.pyreg.de\/de\/ard-and-swr-focus-on-pyreg-an-interview-with-jorg-zu-dohna-ceo\/","url":"https:\/\/dev.pyreg.de\/de\/ard-and-swr-focus-on-pyreg-an-interview-with-jorg-zu-dohna-ceo\/","name":"ARD-Feature und Interview mit J\u00f6rg zu Dohna (CEO) \u00fcber CO2-Entfernung und gr\u00fcne Nahw\u00e4rme - PYREG","isPartOf":{"@id":"https:\/\/dev.pyreg.de\/#website"},"datePublished":"2023-04-28T14:06:42+00:00","dateModified":"2023-04-28T15:20:08+00:00","author":{"@id":"https:\/\/dev.pyreg.de\/#\/schema\/person\/75040bf5075124214ab64cba3cebbc2e"},"breadcrumb":{"@id":"https:\/\/dev.pyreg.de\/de\/ard-and-swr-focus-on-pyreg-an-interview-with-jorg-zu-dohna-ceo\/#breadcrumb"},"inLanguage":"de","potentialAction":[{"@type":"ReadAction","target":["https:\/\/dev.pyreg.de\/de\/ard-and-swr-focus-on-pyreg-an-interview-with-jorg-zu-dohna-ceo\/"]}]},{"@type":"BreadcrumbList","@id":"https:\/\/dev.pyreg.de\/de\/ard-and-swr-focus-on-pyreg-an-interview-with-jorg-zu-dohna-ceo\/#breadcrumb","itemListElement":[{"@type":"ListItem","position":1,"name":"Startseite","item":"https:\/\/dev.pyreg.de\/de\/"},{"@type":"ListItem","position":2,"name":"ARD-Feature und Interview mit J\u00f6rg zu Dohna (CEO) \u00fcber CO2-Entfernung und gr\u00fcne Nahw\u00e4rme"}]},{"@type":"WebSite","@id":"https:\/\/dev.pyreg.de\/#website","url":"https:\/\/dev.pyreg.de\/","name":"PYREG","description":"Carbon Technology Solutions","potentialAction":[{"@type":"SearchAction","target":{"@type":"EntryPoint","urlTemplate":"https:\/\/dev.pyreg.de\/?s={search_term_string}"},"query-input":"required name=search_term_string"}],"inLanguage":"de"},{"@type":"Person","@id":"https:\/\/dev.pyreg.de\/#\/schema\/person\/75040bf5075124214ab64cba3cebbc2e","name":"Henriette zu Doha","url":"https:\/\/dev.pyreg.de\/de\/author\/h-dohna\/"}]}},"_links":{"self":[{"href":"https:\/\/dev.pyreg.de\/de\/wp-json\/wp\/v2\/posts\/15816"}],"collection":[{"href":"https:\/\/dev.pyreg.de\/de\/wp-json\/wp\/v2\/posts"}],"about":[{"href":"https:\/\/dev.pyreg.de\/de\/wp-json\/wp\/v2\/types\/post"}],"author":[{"embeddable":true,"href":"https:\/\/dev.pyreg.de\/de\/wp-json\/wp\/v2\/users\/9"}],"replies":[{"embeddable":true,"href":"https:\/\/dev.pyreg.de\/de\/wp-json\/wp\/v2\/comments?post=15816"}],"version-history":[{"count":5,"href":"https:\/\/dev.pyreg.de\/de\/wp-json\/wp\/v2\/posts\/15816\/revisions"}],"predecessor-version":[{"id":15821,"href":"https:\/\/dev.pyreg.de\/de\/wp-json\/wp\/v2\/posts\/15816\/revisions\/15821"}],"wp:featuredmedia":[{"embeddable":true,"href":"https:\/\/dev.pyreg.de\/de\/wp-json\/wp\/v2\/media\/15764"}],"wp:attachment":[{"href":"https:\/\/dev.pyreg.de\/de\/wp-json\/wp\/v2\/media?parent=15816"}],"wp:term":[{"taxonomy":"category","embeddable":true,"href":"https:\/\/dev.pyreg.de\/de\/wp-json\/wp\/v2\/categories?post=15816"},{"taxonomy":"post_tag","embeddable":true,"href":"https:\/\/dev.pyreg.de\/de\/wp-json\/wp\/v2\/tags?post=15816"}],"curies":[{"name":"wp","href":"https:\/\/api.w.org\/{rel}","templated":true}]}}